{"id":3194,"date":"2019-05-21T10:19:47","date_gmt":"2019-05-21T08:19:47","guid":{"rendered":"http:\/\/www.diamond-consult.com\/consultant\/?p=3194"},"modified":"2019-05-21T10:19:47","modified_gmt":"2019-05-21T08:19:47","slug":"transformation-digitale-organiser-les-complementarites","status":"publish","type":"post","link":"https:\/\/www.diamond-consult.com\/consultant\/transformation-digitale-organiser-les-complementarites\/","title":{"rendered":"Transformation digitale : Organiser les compl\u00e9mentarit\u00e9s"},"content":{"rendered":"<h2>Est-ce possible d\u2019associer \u00ab\u00a0Transformation Digitale\u00a0\u00bb et \u00ab\u00a0Cr\u00e9ativit\u00e9 Collective\u00a0\u00bb\u00a0?<\/h2>\n<h2>Comment faire pour optimiser les compl\u00e9mentarit\u00e9s dans vos organisations\u00a0?<\/h2>\n<p>Vous sentez que votre organisation devrait prendre un virage.<\/p>\n<p>Vous pensez que votre organisation pourrait profiter des formidables opportunit\u00e9s du digital ?<\/p>\n<h3>Oserez-vous \u00e9couter jusqu\u2019au dernier mot vos collaborateurs\u00a0?<\/h3>\n<h3>Oserez-vous essayer de nouveaux modes de management\u00a0?<\/h3>\n<p>Je suis ravie d\u2019avoir partag\u00e9 mon exp\u00e9rience et d\u2019avoir anim\u00e9 un s\u00e9minaire au D\u00e9partement de la Loire pour faire r\u00e9fl\u00e9chir les \u00e9quipes sur l\u2019impact des nouvelles tendances.<\/p>\n<p><strong>Mes convictions\u00a0: <\/strong><\/p>\n<p>Les usagers changent.<\/p>\n<p>Les collaborateurs changent.<\/p>\n<p>Les outils changent.<\/p>\n<p>Le monde change.<\/p>\n<h2>Et vous,\u00a0quelles perceptions avez-vous du monde qui change autour de vous ?<\/h2>\n<h2>Etes vous pr\u00eats \u00e0 allier cr\u00e9ativit\u00e9 collective et d\u00e9couvertes digitales\u00a0?<\/h2>\n<p>En effet, vos collaborateurs attendent du management de la fluidit\u00e9 et de la transparence dans les informations ainsi qu\u2019une flexibilit\u00e9 des modes de management.<\/p>\n<p>Et si vous les faisiez r\u00e9fl\u00e9chir ensemble sur un plan d\u2019action concret pour faire \u00e9voluer l\u2019organisation\u00a0?<\/p>\n<p><strong>Mon exp\u00e9rience\u00a0: <\/strong><\/p>\n<p>Apr\u00e8s 30 ans comme manager d\u2019\u00e9quipes, j\u2019accompagne des \u00e9quipes en leur faisant d\u00e9couvrir les diff\u00e9rents volets de la transformation digitale.<\/p>\n<p>Je facilite des ateliers de cr\u00e9ativit\u00e9 aux service de probl\u00e9matiques tr\u00e8s concr\u00e8tes, comme les \u00e9volutions n\u00e9cessaires d\u2019une organisation pour optimiser les compl\u00e9mentarit\u00e9s et prendre le virage du digital.<\/p>\n<p>Merci aux \u00e9quipes du d\u00e9partement de la Loire qui ont contribu\u00e9 au s\u00e9minaire transformation digitale et aux ateliers cr\u00e9atifs.<\/p>\n<p>Merci \u00e0 ma <a href=\"https:\/\/www.glantz-man.com\/\">partenaire, Val\u00e9rie Glantzman<\/a>,\u00a0 pour la co-animation des ateliers :<\/p>\n<p>#agilit\u00e9 #Digital #TranfoNum<\/p>\n<p>Pour en savoir plus, contactez-nous, rencontrons-nous, osez r\u00e9unir les intelligences collectives de votre organisation au service de votre \u00e9volution.<\/p>\n<p><a href=\"https:\/\/www.diamond-consult.com\/consultant\/contact\/\">https:\/\/www.diamond-consult.com\/consultant\/contact\/<\/a><\/p>\n<p>&nbsp;<\/p>\n<p>&nbsp;<\/p>\n","protected":false},"excerpt":{"rendered":"<p>Est-ce possible d\u2019associer \u00ab\u00a0Transformation Digitale\u00a0\u00bb et \u00ab\u00a0Cr\u00e9ativit\u00e9 Collective\u00a0\u00bb\u00a0? Comment faire pour optimiser les compl\u00e9mentarit\u00e9s dans vos organisations\u00a0? Vous sentez que votre organisation devrait prendre un virage. Vous pensez que votre organisation pourrait profiter des formidables opportunit\u00e9s du digital ? Oserez-vous \u00e9couter jusqu\u2019au dernier mot vos collaborateurs\u00a0? Oserez-vous essayer de nouveaux modes de management\u00a0? Je suis [&hellip;]<\/p>\n","protected":false},"author":2,"featured_media":3195,"comment_status":"closed","ping_status":"closed","sticky":false,"template":"","format":"standard","meta":{"footnotes":""},"categories":[61,3],"tags":[30,40],"yoast_head":"<!-- This site is optimized with the Yoast SEO plugin v22.9 - https:\/\/yoast.com\/wordpress\/plugins\/seo\/ -->\n<title>Transformation digitale : Organiser les compl\u00e9mentarit\u00e9s - Diamond Consult<\/title>\n<meta name=\"robots\" content=\"index, follow, max-snippet:-1, max-image-preview:large, max-video-preview:-1\" \/>\n<link rel=\"canonical\" href=\"https:\/\/www.diamond-consult.com\/consultant\/transformation-digitale-organiser-les-complementarites\/\" \/>\n<meta property=\"og:locale\" content=\"fr_FR\" \/>\n<meta property=\"og:type\" content=\"article\" \/>\n<meta property=\"og:title\" content=\"Transformation digitale : Organiser les compl\u00e9mentarit\u00e9s - Diamond Consult\" \/>\n<meta property=\"og:description\" content=\"Est-ce possible d\u2019associer \u00ab\u00a0Transformation Digitale\u00a0\u00bb et \u00ab\u00a0Cr\u00e9ativit\u00e9 Collective\u00a0\u00bb\u00a0? Comment faire pour optimiser les compl\u00e9mentarit\u00e9s dans vos organisations\u00a0? Vous sentez que votre organisation devrait prendre un virage. Vous pensez que votre organisation pourrait profiter des formidables opportunit\u00e9s du digital ? Oserez-vous \u00e9couter jusqu\u2019au dernier mot vos collaborateurs\u00a0? Oserez-vous essayer de nouveaux modes de management\u00a0? Je suis [&hellip;]\" \/>\n<meta property=\"og:url\" content=\"https:\/\/www.diamond-consult.com\/consultant\/transformation-digitale-organiser-les-complementarites\/\" \/>\n<meta property=\"og:site_name\" content=\"Diamond Consult\" \/>\n<meta property=\"article:published_time\" content=\"2019-05-21T08:19:47+00:00\" \/>\n<meta property=\"og:image\" content=\"https:\/\/www.diamond-consult.com\/consultant\/wp-content\/uploads\/2019\/05\/Loire-Atelier.jpg\" \/>\n\t<meta property=\"og:image:width\" content=\"444\" \/>\n\t<meta property=\"og:image:height\" content=\"445\" \/>\n\t<meta property=\"og:image:type\" content=\"image\/jpeg\" \/>\n<meta name=\"author\" content=\"Karine Bontemps\" \/>\n<meta name=\"twitter:card\" content=\"summary_large_image\" \/>\n<meta name=\"twitter:label1\" content=\"\u00c9crit par\" \/>\n\t<meta name=\"twitter:data1\" content=\"\" \/>\n\t<meta name=\"twitter:label2\" content=\"Dur\u00e9e de lecture estim\u00e9e\" \/>\n\t<meta name=\"twitter:data2\" content=\"2 minutes\" \/>\n<script type=\"application\/ld+json\" class=\"yoast-schema-graph\">{\"@context\":\"https:\/\/schema.org\",\"@graph\":[{\"@type\":\"WebPage\",\"@id\":\"https:\/\/www.diamond-consult.com\/consultant\/transformation-digitale-organiser-les-complementarites\/\",\"url\":\"https:\/\/www.diamond-consult.com\/consultant\/transformation-digitale-organiser-les-complementarites\/\",\"name\":\"Transformation digitale : Organiser les compl\u00e9mentarit\u00e9s - Diamond Consult\",\"isPartOf\":{\"@id\":\"https:\/\/www.diamond-consult.com\/consultant\/#website\"},\"primaryImageOfPage\":{\"@id\":\"https:\/\/www.diamond-consult.com\/consultant\/transformation-digitale-organiser-les-complementarites\/#primaryimage\"},\"image\":{\"@id\":\"https:\/\/www.diamond-consult.com\/consultant\/transformation-digitale-organiser-les-complementarites\/#primaryimage\"},\"thumbnailUrl\":\"https:\/\/www.diamond-consult.com\/consultant\/wp-content\/uploads\/2019\/05\/Loire-Atelier.jpg\",\"datePublished\":\"2019-05-21T08:19:47+00:00\",\"dateModified\":\"2019-05-21T08:19:47+00:00\",\"author\":{\"@id\":\"https:\/\/www.diamond-consult.com\/consultant\/#\/schema\/person\/b8a31310c4b5e30847a10b1c46681618\"},\"breadcrumb\":{\"@id\":\"https:\/\/www.diamond-consult.com\/consultant\/transformation-digitale-organiser-les-complementarites\/#breadcrumb\"},\"inLanguage\":\"fr-FR\",\"potentialAction\":[{\"@type\":\"ReadAction\",\"target\":[\"https:\/\/www.diamond-consult.com\/consultant\/transformation-digitale-organiser-les-complementarites\/\"]}]},{\"@type\":\"ImageObject\",\"inLanguage\":\"fr-FR\",\"@id\":\"https:\/\/www.diamond-consult.com\/consultant\/transformation-digitale-organiser-les-complementarites\/#primaryimage\",\"url\":\"https:\/\/www.diamond-consult.com\/consultant\/wp-content\/uploads\/2019\/05\/Loire-Atelier.jpg\",\"contentUrl\":\"https:\/\/www.diamond-consult.com\/consultant\/wp-content\/uploads\/2019\/05\/Loire-Atelier.jpg\",\"width\":444,\"height\":445,\"caption\":\"s\u00e9minaire transformation digitale\"},{\"@type\":\"BreadcrumbList\",\"@id\":\"https:\/\/www.diamond-consult.com\/consultant\/transformation-digitale-organiser-les-complementarites\/#breadcrumb\",\"itemListElement\":[{\"@type\":\"ListItem\",\"position\":1,\"name\":\"Accueil\",\"item\":\"https:\/\/www.diamond-consult.com\/consultant\/\"},{\"@type\":\"ListItem\",\"position\":2,\"name\":\"Transformation digitale : Organiser les compl\u00e9mentarit\u00e9s\"}]},{\"@type\":\"WebSite\",\"@id\":\"https:\/\/www.diamond-consult.com\/consultant\/#website\",\"url\":\"https:\/\/www.diamond-consult.com\/consultant\/\",\"name\":\"Diamond Consult\",\"description\":\"Cr\u00e9ativit\u00e9 collective et transformation digitale\",\"potentialAction\":[{\"@type\":\"SearchAction\",\"target\":{\"@type\":\"EntryPoint\",\"urlTemplate\":\"https:\/\/www.diamond-consult.com\/consultant\/?s={search_term_string}\"},\"query-input\":\"required name=search_term_string\"}],\"inLanguage\":\"fr-FR\"},{\"@type\":\"Person\",\"@id\":\"https:\/\/www.diamond-consult.com\/consultant\/#\/schema\/person\/b8a31310c4b5e30847a10b1c46681618\",\"name\":\"Karine Bontemps\",\"image\":{\"@type\":\"ImageObject\",\"inLanguage\":\"fr-FR\",\"@id\":\"https:\/\/www.diamond-consult.com\/consultant\/#\/schema\/person\/image\/\",\"url\":\"https:\/\/secure.gravatar.com\/avatar\/3d90c47ec6fb4f58731ae89b9d725301?s=96&d=mm&r=g\",\"contentUrl\":\"https:\/\/secure.gravatar.com\/avatar\/3d90c47ec6fb4f58731ae89b9d725301?s=96&d=mm&r=g\",\"caption\":\"Karine Bontemps\"},\"url\":\"https:\/\/www.diamond-consult.com\/consultant\/author\/karine\/\"}]}<\/script>\n<!-- \/ Yoast SEO plugin. -->","yoast_head_json":{"title":"Transformation digitale : Organiser les compl\u00e9mentarit\u00e9s - Diamond Consult","robots":{"index":"index","follow":"follow","max-snippet":"max-snippet:-1","max-image-preview":"max-image-preview:large","max-video-preview":"max-video-preview:-1"},"canonical":"https:\/\/www.diamond-consult.com\/consultant\/transformation-digitale-organiser-les-complementarites\/","og_locale":"fr_FR","og_type":"article","og_title":"Transformation digitale : Organiser les compl\u00e9mentarit\u00e9s - Diamond Consult","og_description":"Est-ce possible d\u2019associer \u00ab\u00a0Transformation Digitale\u00a0\u00bb et \u00ab\u00a0Cr\u00e9ativit\u00e9 Collective\u00a0\u00bb\u00a0? Comment faire pour optimiser les compl\u00e9mentarit\u00e9s dans vos organisations\u00a0? Vous sentez que votre organisation devrait prendre un virage. Vous pensez que votre organisation pourrait profiter des formidables opportunit\u00e9s du digital ? Oserez-vous \u00e9couter jusqu\u2019au dernier mot vos collaborateurs\u00a0? Oserez-vous essayer de nouveaux modes de management\u00a0? Je suis [&hellip;]","og_url":"https:\/\/www.diamond-consult.com\/consultant\/transformation-digitale-organiser-les-complementarites\/","og_site_name":"Diamond Consult","article_published_time":"2019-05-21T08:19:47+00:00","og_image":[{"width":444,"height":445,"url":"https:\/\/www.diamond-consult.com\/consultant\/wp-content\/uploads\/2019\/05\/Loire-Atelier.jpg","type":"image\/jpeg"}],"author":"Karine Bontemps","twitter_card":"summary_large_image","twitter_misc":{"\u00c9crit par":false,"Dur\u00e9e de lecture estim\u00e9e":"2 minutes"},"schema":{"@context":"https:\/\/schema.org","@graph":[{"@type":"WebPage","@id":"https:\/\/www.diamond-consult.com\/consultant\/transformation-digitale-organiser-les-complementarites\/","url":"https:\/\/www.diamond-consult.com\/consultant\/transformation-digitale-organiser-les-complementarites\/","name":"Transformation digitale : Organiser les compl\u00e9mentarit\u00e9s - Diamond Consult","isPartOf":{"@id":"https:\/\/www.diamond-consult.com\/consultant\/#website"},"primaryImageOfPage":{"@id":"https:\/\/www.diamond-consult.com\/consultant\/transformation-digitale-organiser-les-complementarites\/#primaryimage"},"image":{"@id":"https:\/\/www.diamond-consult.com\/consultant\/transformation-digitale-organiser-les-complementarites\/#primaryimage"},"thumbnailUrl":"https:\/\/www.diamond-consult.com\/consultant\/wp-content\/uploads\/2019\/05\/Loire-Atelier.jpg","datePublished":"2019-05-21T08:19:47+00:00","dateModified":"2019-05-21T08:19:47+00:00","author":{"@id":"https:\/\/www.diamond-consult.com\/consultant\/#\/schema\/person\/b8a31310c4b5e30847a10b1c46681618"},"breadcrumb":{"@id":"https:\/\/www.diamond-consult.com\/consultant\/transformation-digitale-organiser-les-complementarites\/#breadcrumb"},"inLanguage":"fr-FR","potentialAction":[{"@type":"ReadAction","target":["https:\/\/www.diamond-consult.com\/consultant\/transformation-digitale-organiser-les-complementarites\/"]}]},{"@type":"ImageObject","inLanguage":"fr-FR","@id":"https:\/\/www.diamond-consult.com\/consultant\/transformation-digitale-organiser-les-complementarites\/#primaryimage","url":"https:\/\/www.diamond-consult.com\/consultant\/wp-content\/uploads\/2019\/05\/Loire-Atelier.jpg","contentUrl":"https:\/\/www.diamond-consult.com\/consultant\/wp-content\/uploads\/2019\/05\/Loire-Atelier.jpg","width":444,"height":445,"caption":"s\u00e9minaire transformation digitale"},{"@type":"BreadcrumbList","@id":"https:\/\/www.diamond-consult.com\/consultant\/transformation-digitale-organiser-les-complementarites\/#breadcrumb","itemListElement":[{"@type":"ListItem","position":1,"name":"Accueil","item":"https:\/\/www.diamond-consult.com\/consultant\/"},{"@type":"ListItem","position":2,"name":"Transformation digitale : Organiser les compl\u00e9mentarit\u00e9s"}]},{"@type":"WebSite","@id":"https:\/\/www.diamond-consult.com\/consultant\/#website","url":"https:\/\/www.diamond-consult.com\/consultant\/","name":"Diamond Consult","description":"Cr\u00e9ativit\u00e9 collective et transformation digitale","potentialAction":[{"@type":"SearchAction","target":{"@type":"EntryPoint","urlTemplate":"https:\/\/www.diamond-consult.com\/consultant\/?s={search_term_string}"},"query-input":"required name=search_term_string"}],"inLanguage":"fr-FR"},{"@type":"Person","@id":"https:\/\/www.diamond-consult.com\/consultant\/#\/schema\/person\/b8a31310c4b5e30847a10b1c46681618","name":"Karine Bontemps","image":{"@type":"ImageObject","inLanguage":"fr-FR","@id":"https:\/\/www.diamond-consult.com\/consultant\/#\/schema\/person\/image\/","url":"https:\/\/secure.gravatar.com\/avatar\/3d90c47ec6fb4f58731ae89b9d725301?s=96&d=mm&r=g","contentUrl":"https:\/\/secure.gravatar.com\/avatar\/3d90c47ec6fb4f58731ae89b9d725301?s=96&d=mm&r=g","caption":"Karine Bontemps"},"url":"https:\/\/www.diamond-consult.com\/consultant\/author\/karine\/"}]}},"_links":{"self":[{"href":"https:\/\/www.diamond-consult.com\/consultant\/wp-json\/wp\/v2\/posts\/3194"}],"collection":[{"href":"https:\/\/www.diamond-consult.com\/consultant\/wp-json\/wp\/v2\/posts"}],"about":[{"href":"https:\/\/www.diamond-consult.com\/consultant\/wp-json\/wp\/v2\/types\/post"}],"author":[{"embeddable":true,"href":"https:\/\/www.diamond-consult.com\/consultant\/wp-json\/wp\/v2\/users\/2"}],"replies":[{"embeddable":true,"href":"https:\/\/www.diamond-consult.com\/consultant\/wp-json\/wp\/v2\/comments?post=3194"}],"version-history":[{"count":1,"href":"https:\/\/www.diamond-consult.com\/consultant\/wp-json\/wp\/v2\/posts\/3194\/revisions"}],"predecessor-version":[{"id":3196,"href":"https:\/\/www.diamond-consult.com\/consultant\/wp-json\/wp\/v2\/posts\/3194\/revisions\/3196"}],"wp:featuredmedia":[{"embeddable":true,"href":"https:\/\/www.diamond-consult.com\/consultant\/wp-json\/wp\/v2\/media\/3195"}],"wp:attachment":[{"href":"https:\/\/www.diamond-consult.com\/consultant\/wp-json\/wp\/v2\/media?parent=3194"}],"wp:term":[{"taxonomy":"category","embeddable":true,"href":"https:\/\/www.diamond-consult.com\/consultant\/wp-json\/wp\/v2\/categories?post=3194"},{"taxonomy":"post_tag","embeddable":true,"href":"https:\/\/www.diamond-consult.com\/consultant\/wp-json\/wp\/v2\/tags?post=3194"}],"curies":[{"name":"wp","href":"https:\/\/api.w.org\/{rel}","templated":true}]}}